{"id":22357,"date":"2022-09-10T07:56:40","date_gmt":"2022-09-10T07:56:40","guid":{"rendered":"http:\/\/barcosmagazine.com\/esp\/?p=22357"},"modified":"2022-10-19T12:38:30","modified_gmt":"2022-10-19T12:38:30","slug":"23-salon-nautico-argentino-preventa-septiembre","status":"publish","type":"post","link":"https:\/\/barcosmagazine.com\/esp\/23-salon-nautico-argentino-preventa-septiembre\/","title":{"rendered":"23\u00b0 SAL\u00d3N N\u00c1UTICO ARGENTINO &#8211; PREVENTA SEPTIEMBRE"},"content":{"rendered":"<h3><em><strong>Continuando con valores promocionales para quienes ya hagan su compra de entradas, CACEL, entidad organizadora de la expo n\u00e1utica m\u00e1s importante del pa\u00eds, prepara el regreso de este gran evento luego del intervalo impuesto en 2020 por la pandemia.<\/strong><\/em><\/h3>\n<p>A menos de dos meses de la apertura de la mayor exposici\u00f3n n\u00e1utica del pa\u00eds y una de las dos m\u00e1s importantes del Cono Sur, en septiembre contin\u00faa la preventa de entradas a valores promocionales a trav\u00e9s de la web <a href=\"http:\/\/www.salonnauticoargentino.com.ar\">www.salonnauticoargentino.com.ar<\/a> y redes sociales (IG, Fb). Los que anticipan su compra cuentan con significativas bonificaciones respecto de quienes esperen hasta octubre.<\/p>\n<p style=\"text-align: center;\"><img loading=\"lazy\" decoding=\"async\" class=\"aligncenter size-full wp-image-22361\" src=\"http:\/\/barcosmagazine.com\/esp\/wp-content\/uploads\/2022\/09\/GRAFICA-PREVENTA-ENTRADAS-728X90-02.jpg\" alt=\"\" width=\"728\" height=\"90\" srcset=\"https:\/\/barcosmagazine.com\/esp\/wp-content\/uploads\/2022\/09\/GRAFICA-PREVENTA-ENTRADAS-728X90-02.jpg 728w, https:\/\/barcosmagazine.com\/esp\/wp-content\/uploads\/2022\/09\/GRAFICA-PREVENTA-ENTRADAS-728X90-02-300x37.jpg 300w\" sizes=\"auto, (max-width: 728px) 100vw, 728px\" \/><a href=\"https:\/\/salonnauticoargentino.com.ar\/entradas?utm_source=revbarcos&amp;utm_medium=banner&amp;utm_campaign=sep\">https:\/\/salonnauticoargentino.com.ar\/entradas?utm_source=revbarcos&amp;utm_medium=banner&amp;utm_campaign=sep<\/a><\/p>\n<p>Este evento bianual regresa luego del intervalo impuesto por la pandemia. A cuatro a\u00f1os de su \u00faltima edici\u00f3n de 2018, ser\u00e1n muchas las novedades en productos y servicios. Gran cantidad de embarcaciones a flote y en seco de distinto porte (yates, cruceros, lanchas, semir\u00edgidos y gomones), motos de agua, nautipartes, tecnolog\u00edas para la navegaci\u00f3n, insumos y servicios, todo para el nauta y el amante del tiempo libre en la naturaleza estar\u00e1 disponible en el Centro de Exposiciones del Parque N\u00e1utico San Fernando.<\/p>\n<p>La locaci\u00f3n, m\u00e1s precisamente en Escalada y Almirante Mart\u00edn en la desembocadura del R\u00edo Luj\u00e1n, ofrece el \u00e1mbito ideal para la gran cita con los fan\u00e1ticos de la n\u00e1utica y los deportes acu\u00e1ticos, pero tambi\u00e9n para aquellos que quieran disfrutar de un paseo en familia con atracciones para grandes y chicos. Food-trucks con propuestas gastron\u00f3micas variadas y m\u00fasica en vivo.<\/p>\n<p>M\u00e1s de 70 expositores, algunos de ellos astilleros, aportar\u00e1n en amarras, en stands al aire libre y en la galer\u00eda cubierta una producci\u00f3n nacional que sorprende por su manufactura y calidad reconocida en el mundo. El 23\u00b0 Sal\u00f3n N\u00e1utico Argentino ser\u00e1 la oportunidad y el paseo para replantearse una nueva forma de vida, m\u00e1s cercana a la naturaleza.<\/p>\n<p><em><strong>Luego de la inauguraci\u00f3n, el jueves 20 de octubre,que convocar\u00e1 a las autoridades nacionales, provinciales y municipales y la prensa, el Sal\u00f3n N\u00e1utico Argentino quedar\u00e1 abierto al p\u00fablico los d\u00edas viernes, s\u00e1bados y domingos 21, 22, 23 y 28, 29, 30 entre las 13 y las 21 horas.<\/strong><\/em><\/p>\n","protected":false},"excerpt":{"rendered":"<p> [&hellip;]<\/p>\n","protected":false},"author":1,"featured_media":22358,"comment_status":"open","ping_status":"closed","sticky":false,"template":"","format":"standard","meta":{"footnotes":""},"categories":[31],"tags":[],"class_list":["post-22357","post","type-post","status-publish","format-standard","has-post-thumbnail","hentry","category-boat-shows"],"_links":{"self":[{"href":"https:\/\/barcosmagazine.com\/esp\/wp-json\/wp\/v2\/posts\/22357","targetHints":{"allow":["GET"]}}],"collection":[{"href":"https:\/\/barcosmagazine.com\/esp\/wp-json\/wp\/v2\/posts"}],"about":[{"href":"https:\/\/barcosmagazine.com\/esp\/wp-json\/wp\/v2\/types\/post"}],"author":[{"embeddable":true,"href":"https:\/\/barcosmagazine.com\/esp\/wp-json\/wp\/v2\/users\/1"}],"replies":[{"embeddable":true,"href":"https:\/\/barcosmagazine.com\/esp\/wp-json\/wp\/v2\/comments?post=22357"}],"version-history":[{"count":3,"href":"https:\/\/barcosmagazine.com\/esp\/wp-json\/wp\/v2\/posts\/22357\/revisions"}],"predecessor-version":[{"id":22360,"href":"https:\/\/barcosmagazine.com\/esp\/wp-json\/wp\/v2\/posts\/22357\/revisions\/22360"}],"wp:featuredmedia":[{"embeddable":true,"href":"https:\/\/barcosmagazine.com\/esp\/wp-json\/wp\/v2\/media\/22358"}],"wp:attachment":[{"href":"https:\/\/barcosmagazine.com\/esp\/wp-json\/wp\/v2\/media?parent=22357"}],"wp:term":[{"taxonomy":"category","embeddable":true,"href":"https:\/\/barcosmagazine.com\/esp\/wp-json\/wp\/v2\/categories?post=22357"},{"taxonomy":"post_tag","embeddable":true,"href":"https:\/\/barcosmagazine.com\/esp\/wp-json\/wp\/v2\/tags?post=22357"}],"curies":[{"name":"wp","href":"https:\/\/api.w.org\/{rel}","templated":true}]}}