{"id":16339,"date":"2021-07-16T14:14:35","date_gmt":"2021-07-16T14:14:35","guid":{"rendered":"http:\/\/barcosmagazine.com\/esp\/?p=16339"},"modified":"2021-08-19T00:04:45","modified_gmt":"2021-08-19T00:04:45","slug":"estado-del-rio-parana","status":"publish","type":"post","link":"https:\/\/barcosmagazine.com\/esp\/estado-del-rio-parana\/","title":{"rendered":"Estado del r\u00edo Paran\u00e1"},"content":{"rendered":"<h3><em>Este mi\u00e9rcoles se registr\u00f3 en la capital entrerriana una altura de -0,03 cent\u00edmetros y la Prefectura Naval Argentina se qued\u00f3 \u2018\u2019sin escala\u2019\u2019 para medir. <\/em><\/h3>\n<p>A lo largo de varias de las costas del segundo r\u00edo m\u00e1s largo de Sudam\u00e9rica tambi\u00e9n se observan los efectos de la sequ\u00eda.<\/p>\n<p>Durante este 2021 atravesado por la pandemia, uno de los temas de mayor relevancia para el litoral y la mesopotamia argentina es la altura del r\u00edo Paran\u00e1, hecho que afecta a econom\u00edas regionales y nacionales, adem\u00e1s de generar perjuicios en el medio ambiente y los ecosistemas locales.<\/p>\n<p>Los r\u00e9cords de la altura en el caudal que desemboca sobre el r\u00edo de La Plata se superan d\u00eda a d\u00eda y reflejan la cr\u00edtica situaci\u00f3n h\u00eddrica. Este martes 22 de junio en la ciudad de Paran\u00e1 marc\u00f3 -0,02 cent\u00edmetros, el domingo 20 al mediod\u00eda lleg\u00f3 a los 0,45 metros en la ciudad de Santa Fe, lo que representa el valor m\u00e1s bajo en los \u00faltimos 50 a\u00f1os. Por otro lado, este lunes 21 en Rosario baj\u00f3 20 cent\u00edmetros en s\u00f3lo 24 horas.<\/p>\n<p>El panorama resulta desalentador tras el informe publicado por el Instituto Nacional del Agua, el cual advierte que la bajante del r\u00edo puede agravarse a\u00fan m\u00e1s, alcanzando niveles similares a los registrados en 1944, el a\u00f1o con el caudal m\u00e1s bajo.<\/p>\n<p>Por aquel entonces, en la capital entrerriana marc\u00f3 -1,40 metros, en Diamante -1,29; y en La Paz -1,08. Este martes a la medianoche, el puerto paranaense se encontraba en 0 cent\u00edmetros, valor que para la PNA se manifiesta como \u2018\u2019Sin Escala (S\/E)\u2019\u2019. A las 00 horas el registro baj\u00f3 a\u00fan m\u00e1s: -0,03 metros.<\/p>\n<p>En los costas de las provincias de Entre R\u00edos, Corrientes y Misiones se mantuvo esta constante. Algunas localidades misioneras como Posadas, Puerto Libertad y Puerto Man\u00ed poseen valores superiores a la media, sin embargo, estas representan alturas normales para sus respectivas zonas.<\/p>\n<p>Un peque\u00f1o respiro podr\u00eda obtenerse luego de la leves crecientes en los valores de metros c\u00fabicos que provienen de las represas brasile\u00f1as de Itaip\u00fa, Guayra y Capanema<\/p>\n<p>Nota y foto: El Litoral (www.ellitoral.com)<\/p>\n<p>&nbsp;<\/p>\n","protected":false},"excerpt":{"rendered":"<p> [&hellip;]<\/p>\n","protected":false},"author":1,"featured_media":16340,"comment_status":"open","ping_status":"closed","sticky":false,"template":"","format":"standard","meta":{"footnotes":""},"categories":[36],"tags":[],"class_list":["post-16339","post","type-post","status-publish","format-standard","has-post-thumbnail","hentry","category-actualidad"],"_links":{"self":[{"href":"https:\/\/barcosmagazine.com\/esp\/wp-json\/wp\/v2\/posts\/16339","targetHints":{"allow":["GET"]}}],"collection":[{"href":"https:\/\/barcosmagazine.com\/esp\/wp-json\/wp\/v2\/posts"}],"about":[{"href":"https:\/\/barcosmagazine.com\/esp\/wp-json\/wp\/v2\/types\/post"}],"author":[{"embeddable":true,"href":"https:\/\/barcosmagazine.com\/esp\/wp-json\/wp\/v2\/users\/1"}],"replies":[{"embeddable":true,"href":"https:\/\/barcosmagazine.com\/esp\/wp-json\/wp\/v2\/comments?post=16339"}],"version-history":[{"count":2,"href":"https:\/\/barcosmagazine.com\/esp\/wp-json\/wp\/v2\/posts\/16339\/revisions"}],"predecessor-version":[{"id":16342,"href":"https:\/\/barcosmagazine.com\/esp\/wp-json\/wp\/v2\/posts\/16339\/revisions\/16342"}],"wp:featuredmedia":[{"embeddable":true,"href":"https:\/\/barcosmagazine.com\/esp\/wp-json\/wp\/v2\/media\/16340"}],"wp:attachment":[{"href":"https:\/\/barcosmagazine.com\/esp\/wp-json\/wp\/v2\/media?parent=16339"}],"wp:term":[{"taxonomy":"category","embeddable":true,"href":"https:\/\/barcosmagazine.com\/esp\/wp-json\/wp\/v2\/categories?post=16339"},{"taxonomy":"post_tag","embeddable":true,"href":"https:\/\/barcosmagazine.com\/esp\/wp-json\/wp\/v2\/tags?post=16339"}],"curies":[{"name":"wp","href":"https:\/\/api.w.org\/{rel}","templated":true}]}}